{"id":802,"date":"2018-04-16T13:00:19","date_gmt":"2018-04-16T13:00:19","guid":{"rendered":"https:\/\/mareaperto.org\/wp\/?p=802"},"modified":"2024-04-16T07:27:06","modified_gmt":"2024-04-16T07:27:06","slug":"testimonianze-dirette","status":"publish","type":"post","link":"https:\/\/mareaperto.org\/wp\/2018\/04\/16\/testimonianze-dirette\/","title":{"rendered":"Testimonianze Dirette"},"content":{"rendered":"\n<p><strong>SUPERARE IL DISAGIO MENTALE IN BARCA A VELA<br>Alcune testimonianze dirette<\/strong><\/p>\n\n\n\n<p>In Italia l\u2019Ass. Mareaperto di Roma, nata nell\u2019 Aprile del 1989 in seguito ad una conferenza-dibattito \u201cIl mare come psicoterapia\u201d, porta in barca a vela disabili fisici e pazienti affetti da patologie mentali e vari disturbi psicofisiologici. L\u2019associazione promuove esperienze legate alla conoscenza del mare, della vela e della nautica in genere; sviluppa attivit\u00e0 terapeutiche e ricreative attraverso la vela, volgendo attenzione all\u2019area del disagio, mirando non solo all\u2019acquisizione di abilit\u00e0 tecniche, ma anche alla realizzazione di programmi di integrazione. L\u2019idea di base dei fondatori di Mareaperto, Antonio Lo Iacono, psicologo e psicoterapeuta, e Giorgio D\u2019Orazi, presidente di Mareaperto, \u00e8 che dal mare possano derivare forti spinte psicologiche verso il potenziamento della personalit\u00e0 e verso l\u2019utilizzo di energie costruttive e risorse proprie.<br>Il lavoro fin ora svolto in tale direzione consiste in un corso di uscite a vela a cadenza settimanale, dove gli utenti (che afferiscono alle aree patologiche dei disturbi psicotici e della personalit\u00e0 gravi) sono invitati gradualmente ad acquisire conoscenza rispetto alla navigazione velica e agli elementi della barca. Durante le uscite in barca della durata di mezza giornata, gli allievi sono stimolati e sostenuti dagli operatori sia nella pratica delle attivit\u00e0 e delle manovre di navigazione, sia ad esprimere e liberare le proprie emozioni. Inoltre vi \u00e8 un lavoro di monitoraggio sull\u2019esperienza e sui vissuti condotto con dei test e questionari di autovalutazione. Vogliamo riportare alcuni commenti clinici ricavati dall\u2019esperienza diretta con i ragazzi al termine del secondo ciclo di uscite.<\/p>\n\n\n\n<p>L\u2019esperienza di andar per mare ha smosso in tutti i pazienti degli stati interni, facendo affiorare in fretta gli aspetti della personalit\u00e0 sia sani che patologici. L\u2019effetto che si riconosce in tutti \u00e8 il confronto con le proprie paure e i propri limiti. A volte erano proprio questi ultimi a spaventare di pi\u00f9 perch\u00e8 inaccettabili.<br>Allora abbiamo avuto due utenti costretti a confrontarsi con la sensazione di avere paura, loro che, di stazza imponente, hanno sempre fatto della virilit\u00e0 una difesa. Quando si sta tutti nella stessa barca allora, possiamo dire che la paura viene a galla, senza troppi fronzoli. Senza che essa possa venir nascosta o mediata da stratagemmi difensivi che non la lasciano trasparire all\u2019esterno e la trasformano in violenza o aggressivit\u00e0. Davanti ad un mare in tempesta o ad un vento avverso, ad una barca che si inclina e fa perdere l\u2019equilibrio, c\u2019\u00e8 la Paura. Paura e basta, che viene fuori naturale come quella di un bambino. Cos\u00ec Paolo omaccione corpulento e robusto ha paura di prendere il mare quando \u00e8 troppo grosso e lo riesce anche a dire agli altri o cercare negli altri compagni di equipaggio, un esempio ed un modo per superarla. Abbiamo chi ha provato frustrazione durante la navigazione per non poter essere sempre al centro dell\u2019attenzione e che alla fine si \u00e8 dovuto arrendere all\u2019idea che in barca si \u00e8 tutti uguali e che non servono atti da supereroe per condurre una barca e per ottenere una buona navigazione, ma semplicemente collaborazione. Chi invece deve fare i conti con il proprio handicap fisico che porta a desiderare di stare con persone normali ma anche di nascondersi dietro al timone per poi sentirsi impotente e inferiore, riprendendo consapevolezza del proprio disagio.<br>Secondo noi, la capacit\u00e0 terapeutiche della barca \u00e8 di fare uscire fuori questi disagi e queste caratteristiche scomode della personalit\u00e0, coccolati dal mare e cullati dalle onde, in uno spazio che contiene e facilita, che mischia i disagi di tutti e ci fa sentire uguali agli altri. Tutti sulla stessa barca!<br>Emergono aspetti interessanti nella condivisione degli spazi che nessuno ritiene troppo stretti in modo verbalizzato, ma porta ognuno a scegliersi il proprio modo per prendersi il proprio spazio personale. C\u2019\u00e8 chi se ne v\u00e0 a prua da solo a prendere il sole. Chi decide di pescare e ritagliarsi un ruolo ben definito, quello del pescatore. Chi si interessa alla teoria e ascolta e fa domande e poi si ricorda tutto. Chi invece vuole \u201cfare\u201d, e si mette alle scotte, ai winch, al timone. Chi invece se ne sta per conto suo e in silenzio osserva gli altri e si osserva. Chi mangia con appetito il suo panino o con gusto aspetta il pranzo fatto tutti insieme. L\u2019aspetto fenomenale della barca \u00e8 che pur essendo relativamente uno spazio ridotto consente ad ognuno di scegliersi il proprio angolo e di conseguenza la propria dimensione. Molti dei nostri utenti hanno trovato piacevole staccarsi per un po\u2019 dal resto dell\u2019equipaggio e starsene un po\u2019 da soli occupando uno spazio fisico esterno della barca che diventa uno spazio interno del proprio carattere. Oppure sono riusciti a ritagliarsi un ruolo che li rappresentava in cui riconoscersi. C\u2019\u00e8 stato chi dava una mano in cucina nei momenti della preparazione del pranzo a bordo e chi ha portato la chitarra per allietare i momenti del relax dopo pranzo. C\u2019\u00e8 stato chi si \u00e8 specializzato nelle manovre di ormeggio e chi invece si \u00e8 dichiarato \u201caddetto ai parabordi\u201d. C\u2019\u00e8 stato anche chi si \u00e8 voluto nascondere dietro il \u201cnon saper far nulla\u201d e ha deciso di restare a guardare, ma anche in quel caso i riscontri ottenuti nelle interviste sono positivi ed entusiastici.<br>\u201cDevo essere sincera: sono stata oziosa, mi sedevo e osservavo voi che lavoravate.<br>Ho apprezzato la simultaneit\u00e0 degli interventi durante le manovre e la loro precisione poi ho imparato a parlare con il mare e lui con me. L\u2019ho visto possente, tranquillo, sornione, che a volte riserva sorprese.\u201d<\/p>\n\n\n\n<p>Tutto in base a degli stili e a delle caratteristiche che sono personali e in barca si svelano presto.<br>Uno degli aspetti emerso in pi\u00f9 di una intervista \u00e8 l\u2019entusiasmo di fare le cose insieme fuori dalle quattro mura di un Servizio Psichiatrico, l\u2019armonia che si crea tra le persone che condividono quella stessa esperienza e la sorpresa rispetto a dei rapporti relazionali con gli altri insperati.<br>\u201cE\u2019 stata una bella esperienza. Siamo stati tutti insieme. Quando stiamo qui nel Centro \u00e8 molto diverso, siamo pi\u00f9 sparsi, l\u00ec siamo stati molto uniti, tutto un altro rapporto. Mi sono sentito molto vicino ai miei compagni, cosa che non avviene qui dove ognuno sta nella propria stanza\u201d.<br>\u201cHo imparato a vedere le cose da un\u2019altra prospettiva. Anche a vedere gli utenti di questo centro in una situazione che me li faceva apparire diversi. Ne parlo spesso con i miei amici a lavoro.<\/p>\n\n\n\n<p>Tra una danza e l\u2019altra ogni tanto le onde si fermavano a riposare. E\u2019 qui allora che si incontra la noia. La noia \u00e8 una delle emozioni pi\u00f9 tipiche che si pu\u00f2 incontrare in mare, quando c\u2019\u00e8 calma piatta e il vento non ha nessuna intenzione di lavorare quella mattina. Alcuni ragazzi di fronte alla noia si fanno trasportare un po\u2019 troppo, e allora c\u2019\u00e8 chi se ne v\u00e0 in sottocoperta a dormire e chi stimolato un po\u2019 non ce la fa proprio pi\u00f9 e si addormenta sul pozzetto. C\u2019\u00e8 anche chi alla noia sa resistere e si fa coinvolgere da discussioni con il resto dell\u2019equipaggio che sembrano pi\u00f9 schiette e autentiche che nella stanza di un laboratorio. Chi chiede informazioni e approfondisce temi teorici e chi invece si gode semplicemente il mare e il sole, quando c\u2019\u00e8!<br>La calma e il dondolio delle onde coccola anche i pensieri e li lascia fluire liberamente, permettendo financo una regressione nelle braccia della madre che culla e accudisce. D\u00e0 anche spazio alla solitudine e alla nostalgia di venir fuori senza brutalit\u00e0.<br>\u201cA volte ho sentito un po\u2019 di noia e qualche momento di solitudine. Pensavo ai miei che non ci sono pi\u00f9. La navigazione ti porta a galla un po\u2019 di pensieri. Ho ripensato a mia madre e a mio padre. La calma della barca in mare aperto ti porta a riflettere. L\u2019ondeggiare delle onde ti induce a pensare\u201d.<br>\u201cLo spazio piccolo all\u2019inizio mi dava fastidio, mi sono dovuto ambientare, poi svolgendo le funzioni mi sono abituato a muovermi piano appoggiandomi alle cime come un bimbo. Si ritorna piccoli, come in una culla. La barca ti riporta indietro.\u201d(Ernesto)<br>\u201cQuando non c\u2019era il vento, avevo un po\u2019 di noia, sentivo il desiderio di tornare subito. Pensavo che a terra potevo stare meglio. Poi questo passava e io mi davo pi\u00f9 da fare.\u201d(Filippo)<br>\u201cMi piaceva molto. E\u2019 un ritorno interiore. Come nella vita pratica c\u2019\u00e8 sempre un ritorno.\u201d(Ernesto)<\/p>\n\n\n\n<p>&nbsp;Per quanto riguarda il timone, stare alla conduzione porta sensazioni diverse e a volte contraddittorie. Si sono denotati in molti pazienti espressioni di contentezza e soddisfazione e alcuni di loro avrebbero voluto restare pi\u00f9 tempo al timone. Si \u00e8 comunque evidenziata la responsabilit\u00e0 forte percepita da tutti gli allievi che mano mano si sono alternati al timone e ci\u00f2 ha generato fenomeni contrapposti di esaltazione e di preoccupazione per il troppo carico.<br>Tale ricerca dovr\u00e0 portarci in conclusione ad evidenziare e confermare quanto l\u2019andare a vela sia terapeutico in termini riabilitativi per coloro che soffrono di un disagio psichico e psicologico e ha la pretesa di estendersi per abbracciare pi\u00f9 aree e livelli della patologia sia psichica che fisica che sociale. Per far ci\u00f2, naturalmente, Mareaperto non ce la fa a sostenere i costi ma non perde la fiducia che investimenti e contributi siano direzionati verso tale intenzione da enti pubblici o privati sensibili e coinvolti in questa meravigliosa attivit\u00e0 che abbiamo la \u201cpresunzione\u201d di chiamare: \u201cVelaterapia\u201d.<\/p>\n\n\n\n<p>dr. Francesco M. Purita<\/p>\n","protected":false},"excerpt":{"rendered":"<p>SUPERARE IL DISAGIO MENTALE IN BARCA A VELAAlcune testimonianze dirette In Italia l\u2019Ass. Mareaperto di Roma, nata nell\u2019 Aprile del 1989 in seguito ad una conferenza-dibattito \u201cIl mare [&hellip;]<\/p>\n","protected":false},"author":2,"featured_media":502,"comment_status":"open","ping_status":"open","sticky":false,"template":"","format":"standard","meta":{"ngg_post_thumbnail":0,"footnotes":""},"categories":[7],"tags":[],"class_list":["post-802","post","type-post","status-publish","format-standard","has-post-thumbnail","hentry","category-velaterapia"],"yoast_head":"<!-- This site is optimized with the Yoast SEO plugin v22.8 - https:\/\/yoast.com\/wordpress\/plugins\/seo\/ -->\n<title>Testimonianze Dirette - Mareaperto.org<\/title>\n<meta name=\"robots\" content=\"index, follow, max-snippet:-1, max-image-preview:large, max-video-preview:-1\" \/>\n<link rel=\"canonical\" href=\"https:\/\/mareaperto.org\/wp\/2018\/04\/16\/testimonianze-dirette\/\" \/>\n<meta property=\"og:locale\" content=\"it_IT\" \/>\n<meta property=\"og:type\" content=\"article\" \/>\n<meta property=\"og:title\" content=\"Testimonianze Dirette - Mareaperto.org\" \/>\n<meta property=\"og:description\" content=\"SUPERARE IL DISAGIO MENTALE IN BARCA A VELAAlcune testimonianze dirette In Italia l\u2019Ass. Mareaperto di Roma, nata nell\u2019 Aprile del 1989 in seguito ad una conferenza-dibattito \u201cIl mare [&hellip;]\" \/>\n<meta property=\"og:url\" content=\"https:\/\/mareaperto.org\/wp\/2018\/04\/16\/testimonianze-dirette\/\" \/>\n<meta property=\"og:site_name\" content=\"Mareaperto.org\" \/>\n<meta property=\"article:published_time\" content=\"2018-04-16T13:00:19+00:00\" \/>\n<meta property=\"article:modified_time\" content=\"2024-04-16T07:27:06+00:00\" \/>\n<meta property=\"og:image\" content=\"https:\/\/mareaperto.org\/wp\/wp-content\/uploads\/2024\/04\/disabile-carrozzina2-350x283-2.jpeg\" \/>\n\t<meta property=\"og:image:width\" content=\"350\" \/>\n\t<meta property=\"og:image:height\" content=\"283\" \/>\n\t<meta property=\"og:image:type\" content=\"image\/jpeg\" \/>\n<meta name=\"author\" content=\"Mareaperto\" \/>\n<meta name=\"twitter:card\" content=\"summary_large_image\" \/>\n<meta name=\"twitter:label1\" content=\"Scritto da\" \/>\n\t<meta name=\"twitter:data1\" content=\"Mareaperto\" \/>\n\t<meta name=\"twitter:label2\" content=\"Tempo di lettura stimato\" \/>\n\t<meta name=\"twitter:data2\" content=\"8 minuti\" \/>\n<script type=\"application\/ld+json\" class=\"yoast-schema-graph\">{\"@context\":\"https:\/\/schema.org\",\"@graph\":[{\"@type\":\"Article\",\"@id\":\"https:\/\/mareaperto.org\/wp\/2018\/04\/16\/testimonianze-dirette\/#article\",\"isPartOf\":{\"@id\":\"https:\/\/mareaperto.org\/wp\/2018\/04\/16\/testimonianze-dirette\/\"},\"author\":{\"name\":\"Mareaperto\",\"@id\":\"https:\/\/mareaperto.org\/wp\/#\/schema\/person\/db75370b2cd5ad26abd8f7363cc48967\"},\"headline\":\"Testimonianze Dirette\",\"datePublished\":\"2018-04-16T13:00:19+00:00\",\"dateModified\":\"2024-04-16T07:27:06+00:00\",\"mainEntityOfPage\":{\"@id\":\"https:\/\/mareaperto.org\/wp\/2018\/04\/16\/testimonianze-dirette\/\"},\"wordCount\":1577,\"commentCount\":0,\"publisher\":{\"@id\":\"https:\/\/mareaperto.org\/wp\/#organization\"},\"image\":{\"@id\":\"https:\/\/mareaperto.org\/wp\/2018\/04\/16\/testimonianze-dirette\/#primaryimage\"},\"thumbnailUrl\":\"https:\/\/mareaperto.org\/wp\/wp-content\/uploads\/2024\/04\/disabile-carrozzina2-350x283-2.jpeg\",\"articleSection\":[\"Velaterapia\"],\"inLanguage\":\"it-IT\"},{\"@type\":\"WebPage\",\"@id\":\"https:\/\/mareaperto.org\/wp\/2018\/04\/16\/testimonianze-dirette\/\",\"url\":\"https:\/\/mareaperto.org\/wp\/2018\/04\/16\/testimonianze-dirette\/\",\"name\":\"Testimonianze Dirette - Mareaperto.org\",\"isPartOf\":{\"@id\":\"https:\/\/mareaperto.org\/wp\/#website\"},\"primaryImageOfPage\":{\"@id\":\"https:\/\/mareaperto.org\/wp\/2018\/04\/16\/testimonianze-dirette\/#primaryimage\"},\"image\":{\"@id\":\"https:\/\/mareaperto.org\/wp\/2018\/04\/16\/testimonianze-dirette\/#primaryimage\"},\"thumbnailUrl\":\"https:\/\/mareaperto.org\/wp\/wp-content\/uploads\/2024\/04\/disabile-carrozzina2-350x283-2.jpeg\",\"datePublished\":\"2018-04-16T13:00:19+00:00\",\"dateModified\":\"2024-04-16T07:27:06+00:00\",\"breadcrumb\":{\"@id\":\"https:\/\/mareaperto.org\/wp\/2018\/04\/16\/testimonianze-dirette\/#breadcrumb\"},\"inLanguage\":\"it-IT\",\"potentialAction\":[{\"@type\":\"ReadAction\",\"target\":[\"https:\/\/mareaperto.org\/wp\/2018\/04\/16\/testimonianze-dirette\/\"]}]},{\"@type\":\"ImageObject\",\"inLanguage\":\"it-IT\",\"@id\":\"https:\/\/mareaperto.org\/wp\/2018\/04\/16\/testimonianze-dirette\/#primaryimage\",\"url\":\"https:\/\/mareaperto.org\/wp\/wp-content\/uploads\/2024\/04\/disabile-carrozzina2-350x283-2.jpeg\",\"contentUrl\":\"https:\/\/mareaperto.org\/wp\/wp-content\/uploads\/2024\/04\/disabile-carrozzina2-350x283-2.jpeg\",\"width\":350,\"height\":283},{\"@type\":\"BreadcrumbList\",\"@id\":\"https:\/\/mareaperto.org\/wp\/2018\/04\/16\/testimonianze-dirette\/#breadcrumb\",\"itemListElement\":[{\"@type\":\"ListItem\",\"position\":1,\"name\":\"Home\",\"item\":\"https:\/\/mareaperto.org\/wp\/\"},{\"@type\":\"ListItem\",\"position\":2,\"name\":\"Testimonianze Dirette\"}]},{\"@type\":\"WebSite\",\"@id\":\"https:\/\/mareaperto.org\/wp\/#website\",\"url\":\"https:\/\/mareaperto.org\/wp\/\",\"name\":\"Mareaperto.org\",\"description\":\"Mareaperto.org\",\"publisher\":{\"@id\":\"https:\/\/mareaperto.org\/wp\/#organization\"},\"potentialAction\":[{\"@type\":\"SearchAction\",\"target\":{\"@type\":\"EntryPoint\",\"urlTemplate\":\"https:\/\/mareaperto.org\/wp\/?s={search_term_string}\"},\"query-input\":\"required name=search_term_string\"}],\"inLanguage\":\"it-IT\"},{\"@type\":\"Organization\",\"@id\":\"https:\/\/mareaperto.org\/wp\/#organization\",\"name\":\"Mareaperto.org\",\"url\":\"https:\/\/mareaperto.org\/wp\/\",\"logo\":{\"@type\":\"ImageObject\",\"inLanguage\":\"it-IT\",\"@id\":\"https:\/\/mareaperto.org\/wp\/#\/schema\/logo\/image\/\",\"url\":\"https:\/\/mareaperto.org\/wp\/wp-content\/uploads\/2024\/04\/cropped-cropped-MAREaperto-logo-semplice.jpeg\",\"contentUrl\":\"https:\/\/mareaperto.org\/wp\/wp-content\/uploads\/2024\/04\/cropped-cropped-MAREaperto-logo-semplice.jpeg\",\"width\":315,\"height\":135,\"caption\":\"Mareaperto.org\"},\"image\":{\"@id\":\"https:\/\/mareaperto.org\/wp\/#\/schema\/logo\/image\/\"}},{\"@type\":\"Person\",\"@id\":\"https:\/\/mareaperto.org\/wp\/#\/schema\/person\/db75370b2cd5ad26abd8f7363cc48967\",\"name\":\"Mareaperto\",\"image\":{\"@type\":\"ImageObject\",\"inLanguage\":\"it-IT\",\"@id\":\"https:\/\/mareaperto.org\/wp\/#\/schema\/person\/image\/\",\"url\":\"https:\/\/secure.gravatar.com\/avatar\/2b242d2db7784626e8e1c14b7b6156ba1d652de940cfed1a9c6e2a4457c2922d?s=96&d=mm&r=g\",\"contentUrl\":\"https:\/\/secure.gravatar.com\/avatar\/2b242d2db7784626e8e1c14b7b6156ba1d652de940cfed1a9c6e2a4457c2922d?s=96&d=mm&r=g\",\"caption\":\"Mareaperto\"},\"url\":\"https:\/\/mareaperto.org\/wp\/author\/mareaperto\/\"}]}<\/script>\n<!-- \/ Yoast SEO plugin. -->","yoast_head_json":{"title":"Testimonianze Dirette - Mareaperto.org","robots":{"index":"index","follow":"follow","max-snippet":"max-snippet:-1","max-image-preview":"max-image-preview:large","max-video-preview":"max-video-preview:-1"},"canonical":"https:\/\/mareaperto.org\/wp\/2018\/04\/16\/testimonianze-dirette\/","og_locale":"it_IT","og_type":"article","og_title":"Testimonianze Dirette - Mareaperto.org","og_description":"SUPERARE IL DISAGIO MENTALE IN BARCA A VELAAlcune testimonianze dirette In Italia l\u2019Ass. Mareaperto di Roma, nata nell\u2019 Aprile del 1989 in seguito ad una conferenza-dibattito \u201cIl mare [&hellip;]","og_url":"https:\/\/mareaperto.org\/wp\/2018\/04\/16\/testimonianze-dirette\/","og_site_name":"Mareaperto.org","article_published_time":"2018-04-16T13:00:19+00:00","article_modified_time":"2024-04-16T07:27:06+00:00","og_image":[{"width":350,"height":283,"url":"https:\/\/mareaperto.org\/wp\/wp-content\/uploads\/2024\/04\/disabile-carrozzina2-350x283-2.jpeg","type":"image\/jpeg"}],"author":"Mareaperto","twitter_card":"summary_large_image","twitter_misc":{"Scritto da":"Mareaperto","Tempo di lettura stimato":"8 minuti"},"schema":{"@context":"https:\/\/schema.org","@graph":[{"@type":"Article","@id":"https:\/\/mareaperto.org\/wp\/2018\/04\/16\/testimonianze-dirette\/#article","isPartOf":{"@id":"https:\/\/mareaperto.org\/wp\/2018\/04\/16\/testimonianze-dirette\/"},"author":{"name":"Mareaperto","@id":"https:\/\/mareaperto.org\/wp\/#\/schema\/person\/db75370b2cd5ad26abd8f7363cc48967"},"headline":"Testimonianze Dirette","datePublished":"2018-04-16T13:00:19+00:00","dateModified":"2024-04-16T07:27:06+00:00","mainEntityOfPage":{"@id":"https:\/\/mareaperto.org\/wp\/2018\/04\/16\/testimonianze-dirette\/"},"wordCount":1577,"commentCount":0,"publisher":{"@id":"https:\/\/mareaperto.org\/wp\/#organization"},"image":{"@id":"https:\/\/mareaperto.org\/wp\/2018\/04\/16\/testimonianze-dirette\/#primaryimage"},"thumbnailUrl":"https:\/\/mareaperto.org\/wp\/wp-content\/uploads\/2024\/04\/disabile-carrozzina2-350x283-2.jpeg","articleSection":["Velaterapia"],"inLanguage":"it-IT"},{"@type":"WebPage","@id":"https:\/\/mareaperto.org\/wp\/2018\/04\/16\/testimonianze-dirette\/","url":"https:\/\/mareaperto.org\/wp\/2018\/04\/16\/testimonianze-dirette\/","name":"Testimonianze Dirette - Mareaperto.org","isPartOf":{"@id":"https:\/\/mareaperto.org\/wp\/#website"},"primaryImageOfPage":{"@id":"https:\/\/mareaperto.org\/wp\/2018\/04\/16\/testimonianze-dirette\/#primaryimage"},"image":{"@id":"https:\/\/mareaperto.org\/wp\/2018\/04\/16\/testimonianze-dirette\/#primaryimage"},"thumbnailUrl":"https:\/\/mareaperto.org\/wp\/wp-content\/uploads\/2024\/04\/disabile-carrozzina2-350x283-2.jpeg","datePublished":"2018-04-16T13:00:19+00:00","dateModified":"2024-04-16T07:27:06+00:00","breadcrumb":{"@id":"https:\/\/mareaperto.org\/wp\/2018\/04\/16\/testimonianze-dirette\/#breadcrumb"},"inLanguage":"it-IT","potentialAction":[{"@type":"ReadAction","target":["https:\/\/mareaperto.org\/wp\/2018\/04\/16\/testimonianze-dirette\/"]}]},{"@type":"ImageObject","inLanguage":"it-IT","@id":"https:\/\/mareaperto.org\/wp\/2018\/04\/16\/testimonianze-dirette\/#primaryimage","url":"https:\/\/mareaperto.org\/wp\/wp-content\/uploads\/2024\/04\/disabile-carrozzina2-350x283-2.jpeg","contentUrl":"https:\/\/mareaperto.org\/wp\/wp-content\/uploads\/2024\/04\/disabile-carrozzina2-350x283-2.jpeg","width":350,"height":283},{"@type":"BreadcrumbList","@id":"https:\/\/mareaperto.org\/wp\/2018\/04\/16\/testimonianze-dirette\/#breadcrumb","itemListElement":[{"@type":"ListItem","position":1,"name":"Home","item":"https:\/\/mareaperto.org\/wp\/"},{"@type":"ListItem","position":2,"name":"Testimonianze Dirette"}]},{"@type":"WebSite","@id":"https:\/\/mareaperto.org\/wp\/#website","url":"https:\/\/mareaperto.org\/wp\/","name":"Mareaperto.org","description":"Mareaperto.org","publisher":{"@id":"https:\/\/mareaperto.org\/wp\/#organization"},"potentialAction":[{"@type":"SearchAction","target":{"@type":"EntryPoint","urlTemplate":"https:\/\/mareaperto.org\/wp\/?s={search_term_string}"},"query-input":"required name=search_term_string"}],"inLanguage":"it-IT"},{"@type":"Organization","@id":"https:\/\/mareaperto.org\/wp\/#organization","name":"Mareaperto.org","url":"https:\/\/mareaperto.org\/wp\/","logo":{"@type":"ImageObject","inLanguage":"it-IT","@id":"https:\/\/mareaperto.org\/wp\/#\/schema\/logo\/image\/","url":"https:\/\/mareaperto.org\/wp\/wp-content\/uploads\/2024\/04\/cropped-cropped-MAREaperto-logo-semplice.jpeg","contentUrl":"https:\/\/mareaperto.org\/wp\/wp-content\/uploads\/2024\/04\/cropped-cropped-MAREaperto-logo-semplice.jpeg","width":315,"height":135,"caption":"Mareaperto.org"},"image":{"@id":"https:\/\/mareaperto.org\/wp\/#\/schema\/logo\/image\/"}},{"@type":"Person","@id":"https:\/\/mareaperto.org\/wp\/#\/schema\/person\/db75370b2cd5ad26abd8f7363cc48967","name":"Mareaperto","image":{"@type":"ImageObject","inLanguage":"it-IT","@id":"https:\/\/mareaperto.org\/wp\/#\/schema\/person\/image\/","url":"https:\/\/secure.gravatar.com\/avatar\/2b242d2db7784626e8e1c14b7b6156ba1d652de940cfed1a9c6e2a4457c2922d?s=96&d=mm&r=g","contentUrl":"https:\/\/secure.gravatar.com\/avatar\/2b242d2db7784626e8e1c14b7b6156ba1d652de940cfed1a9c6e2a4457c2922d?s=96&d=mm&r=g","caption":"Mareaperto"},"url":"https:\/\/mareaperto.org\/wp\/author\/mareaperto\/"}]}},"_links":{"self":[{"href":"https:\/\/mareaperto.org\/wp\/wp-json\/wp\/v2\/posts\/802","targetHints":{"allow":["GET"]}}],"collection":[{"href":"https:\/\/mareaperto.org\/wp\/wp-json\/wp\/v2\/posts"}],"about":[{"href":"https:\/\/mareaperto.org\/wp\/wp-json\/wp\/v2\/types\/post"}],"author":[{"embeddable":true,"href":"https:\/\/mareaperto.org\/wp\/wp-json\/wp\/v2\/users\/2"}],"replies":[{"embeddable":true,"href":"https:\/\/mareaperto.org\/wp\/wp-json\/wp\/v2\/comments?post=802"}],"version-history":[{"count":1,"href":"https:\/\/mareaperto.org\/wp\/wp-json\/wp\/v2\/posts\/802\/revisions"}],"predecessor-version":[{"id":803,"href":"https:\/\/mareaperto.org\/wp\/wp-json\/wp\/v2\/posts\/802\/revisions\/803"}],"wp:featuredmedia":[{"embeddable":true,"href":"https:\/\/mareaperto.org\/wp\/wp-json\/wp\/v2\/media\/502"}],"wp:attachment":[{"href":"https:\/\/mareaperto.org\/wp\/wp-json\/wp\/v2\/media?parent=802"}],"wp:term":[{"taxonomy":"category","embeddable":true,"href":"https:\/\/mareaperto.org\/wp\/wp-json\/wp\/v2\/categories?post=802"},{"taxonomy":"post_tag","embeddable":true,"href":"https:\/\/mareaperto.org\/wp\/wp-json\/wp\/v2\/tags?post=802"}],"curies":[{"name":"wp","href":"https:\/\/api.w.org\/{rel}","templated":true}]}}